{"id":74,"date":"2023-08-15T14:35:29","date_gmt":"2023-08-15T14:35:29","guid":{"rendered":"https:\/\/aszetik-institut.de\/?p=74"},"modified":"2024-03-27T14:39:32","modified_gmt":"2024-03-27T14:39:32","slug":"lehrveranstaltung-ws-2023-2024","status":"publish","type":"post","link":"https:\/\/aszetik-institut.de\/?p=74","title":{"rendered":"Wintersemester 2023\/2024"},"content":{"rendered":"\n<p>HS Geistliche \u00dcbung in Theorie und Praxis<\/p>\n\n\n\n<p>(mit Studientag am 20.01.2024)<\/p>\n\n\n\n<p><strong>Verwendbarkeit: <\/strong>AM, WB<\/p>\n\n\n\n<p>Eyselein und Team<\/p>\n\n\n\n<p>Aszetik-Institut<\/p>\n\n\n\n<p>2 SWS \/ 3 LP<\/p>\n\n\n\n<p>\u201eAszetik\u201c, \u201egeistliche \u00dcbung\u201c \u2013 was ist das, und l\u00e4sst es sich allgemein bestimmen? Von \u201eSpiritualit\u00e4t\u201c zu sprechen, wirkt zeitgem\u00e4\u00dfer und erfreut sich gro\u00dfer Akzeptanz, doch ist dieser unscharfe Containerbegriff kaum klar zu fassen.<\/p>\n\n\n\n<p>Spiritualit\u00e4t wird vom bayerischen Landeskirchenrat <em>als Kern<\/em> in den anstehenden kirchlichen Umbauprozessen postuliert. Auf dem Buchmarkt dagegen findet sich der Begriff in der Nachbarschaft von Esoterik und Okkultismus vor.<\/p>\n\n\n\n<p>Theologie-, Gast- und Seniorenstudierende,sind eingeladen, der Frage nachzugehen, was christliche Spiritualit\u00e4t in ihrem Kern ausmacht und wie ihre \u00dcbung sich praktisch formen kann.<\/p>\n\n\n\n<p>Wir fragen nach biblisch-theologischen Begr\u00fcndungsm\u00f6glichkeiten f\u00fcr das, was \u201egeistliche \u00dcbung\u201c meint, begegnen Ausformungen in der christlichen Tradition, lernen Modelle f\u00fcr heutige Praxis kennen und befragen sie auf ihre Begr\u00fcndung und Reichweite.<\/p>\n\n\n\n<p>Literatur: <\/p>\n\n\n\n<p>Helmut A\u00dfmann, Glauben leben \u2013 Leben lernen. Eine Anleitung zum geistlichen Leben, Hannover 2012.<\/p>\n\n\n\n<p>Christian Eyselein\/Tobias Kaspari (Hg.), Glauben \u00fcben. Praxisfelder evangelischer Aszetik, Leipzig 2022.<\/p>\n","protected":false},"excerpt":{"rendered":"<p>HS Geistliche \u00dcbung in Theorie und Praxis (mit Studientag am 20.01.2024) Verwendbarkeit: AM, WB Eyselein und Team Aszetik-Institut 2 SWS \/ 3 LP \u201eAszetik\u201c, \u201egeistliche \u00dcbung\u201c \u2013 was ist das, und l\u00e4sst es sich allgemein bestimmen? Von \u201eSpiritualit\u00e4t\u201c zu sprechen, wirkt zeitgem\u00e4\u00dfer und erfreut sich gro\u00dfer Akzeptanz, doch ist dieser unscharfe Containerbegriff kaum klar zu [&hellip;]<\/p>\n","protected":false},"author":1,"featured_media":0,"comment_status":"open","ping_status":"open","sticky":false,"template":"","format":"standard","meta":{"footnotes":""},"categories":[4],"tags":[9,10,13,12,11],"class_list":["post-74","post","type-post","status-publish","format-standard","hentry","category-lehrveranstaltungen","tag-aszetik","tag-geistliche-uebung","tag-glauben-ueben","tag-praxis","tag-spirtualitaet","post-preview"],"_links":{"self":[{"href":"https:\/\/aszetik-institut.de\/index.php?rest_route=\/wp\/v2\/posts\/74","targetHints":{"allow":["GET"]}}],"collection":[{"href":"https:\/\/aszetik-institut.de\/index.php?rest_route=\/wp\/v2\/posts"}],"about":[{"href":"https:\/\/aszetik-institut.de\/index.php?rest_route=\/wp\/v2\/types\/post"}],"author":[{"embeddable":true,"href":"https:\/\/aszetik-institut.de\/index.php?rest_route=\/wp\/v2\/users\/1"}],"replies":[{"embeddable":true,"href":"https:\/\/aszetik-institut.de\/index.php?rest_route=%2Fwp%2Fv2%2Fcomments&post=74"}],"version-history":[{"count":4,"href":"https:\/\/aszetik-institut.de\/index.php?rest_route=\/wp\/v2\/posts\/74\/revisions"}],"predecessor-version":[{"id":122,"href":"https:\/\/aszetik-institut.de\/index.php?rest_route=\/wp\/v2\/posts\/74\/revisions\/122"}],"wp:attachment":[{"href":"https:\/\/aszetik-institut.de\/index.php?rest_route=%2Fwp%2Fv2%2Fmedia&parent=74"}],"wp:term":[{"taxonomy":"category","embeddable":true,"href":"https:\/\/aszetik-institut.de\/index.php?rest_route=%2Fwp%2Fv2%2Fcategories&post=74"},{"taxonomy":"post_tag","embeddable":true,"href":"https:\/\/aszetik-institut.de\/index.php?rest_route=%2Fwp%2Fv2%2Ftags&post=74"}],"curies":[{"name":"wp","href":"https:\/\/api.w.org\/{rel}","templated":true}]}}